{"id":232,"date":"2017-06-04T11:58:05","date_gmt":"2017-06-04T09:58:05","guid":{"rendered":"http:\/\/velezblanco.info\/?p=232"},"modified":"2017-06-04T23:53:17","modified_gmt":"2017-06-04T21:53:17","slug":"buchmesse-im-park","status":"publish","type":"post","link":"https:\/\/velezblanco.info\/?p=232","title":{"rendered":"Buchmesse im Park"},"content":{"rendered":"<p>Im Sommer 1976 kam ein junger Argentinier nach Madrid zur Buchmesse. Die erste Buchmesse nach dem Tod von Franco und viele der B\u00fccherst\u00e4nde im Retiro-Park waren damals noch mit Fascho-Symbolen beschmiert. Der junge Argentinier war \u00fcberrascht, entgeistert von den langen Schlangen vor manchen H\u00fctten, Leser die sich dort die B\u00fccher der angesagten Autoren signieren lassen wollten. Er kam mit einem Buchh\u00e4ndler ins Gespr\u00e4ch, vor dessen parolenbeschmierter H\u00fctte keine Leserschlangen auf einen Bestsellerautoren warteten.<br \/>\nBeide hatten viel Zeit, hatten sich viel zu sagen. Und weil der junge Argentinier ein paar Belegexemplare seines neuesten Romans im Koffer hatte, kam er am n\u00e4chsten Tag wieder. Doch kaum ein Leser interessierte sich daf\u00fcr, keine Leserschlangen.<br \/>\nDer junge Argentinier hie\u00df Manuel Puig. Ich denke, die meisten von euch haben seinen Roman &#8222;Der Kuss der Spinnenfrau&#8220; gelesen. Die Geschichte von zwei M\u00e4nnern im Knast in Buenos Aires, wo der schwule Molina dem Revolution\u00e4r Valentin Filme erz\u00e4hlt, um ihn am Leben zu halten. Aber am Ende sterben beide. William Hurt bekam f\u00fcr die Verfilmung von &#8222;Der Kuss der Spinnenfrau&#8220; 1986 einen Oscar.<\/p>\n<figure id=\"attachment_239\" aria-describedby=\"caption-attachment-239\" style=\"width: 216px\" class=\"wp-caption alignleft\"><img loading=\"lazy\" decoding=\"async\" class=\" wp-image-239\" src=\"https:\/\/velezblanco.info\/wp-content\/uploads\/2017\/06\/20170603-Gabiferia.jpg\" alt=\"\" width=\"216\" height=\"404\" srcset=\"https:\/\/velezblanco.info\/wp-content\/uploads\/2017\/06\/20170603-Gabiferia.jpg 2323w, https:\/\/velezblanco.info\/wp-content\/uploads\/2017\/06\/20170603-Gabiferia-160x300.jpg 160w, https:\/\/velezblanco.info\/wp-content\/uploads\/2017\/06\/20170603-Gabiferia-768x1436.jpg 768w, https:\/\/velezblanco.info\/wp-content\/uploads\/2017\/06\/20170603-Gabiferia-547x1024.jpg 547w, https:\/\/velezblanco.info\/wp-content\/uploads\/2017\/06\/20170603-Gabiferia-600x1122.jpg 600w\" sizes=\"auto, (max-width: 216px) 100vw, 216px\" \/><figcaption id=\"caption-attachment-239\" class=\"wp-caption-text\">Gabi am Stand von El Pais<\/figcaption><\/figure>\n<p>Der Buchh\u00e4ndler hie\u00df Rafael Chirbes. Ihr kennt vemutlich seinen Roman &#8222;Am Ufer&#8220; &#8211; der Roman \u00fcber den geplatzten spanischen Bauboom.<br \/>\nDer Bestsellerautor von damals ?? Vergessen.<br \/>\nDiese Geschichte von 1976 haben wir nicht selbst erlebt, Frank hat sie in der, noch immer, besten spanischen spanischen Tageszeitung &#8222;El Pais&#8220; entdeckt. Und ich finde sie bezeichnend f\u00fcr diese Messe.<\/p>\n<p>&nbsp;<\/p>\n<p>Kurze und sehr viele, sehr lange Schlangen von Lesern vor einem B\u00fccherstand haben wir selbst erlebt und uns auch eingereiht. Zuletzt Frank bei Fernando Aramburu. Der wurde gerade mit einem wichtigen spanischen Literaturpreis f\u00fcr seinen Roman &#8222;Patria&#8220; (Vaterland) ausgezeichnet. Ein Roman \u00fcber die ETA und ihre, auch, faschistischen Wurzeln. Der Roman wird in den spanischen Feuilletons derzeit sehr kontrovers diskutiert. Frank musste gut eine halbe Stunde warten, zum Gl\u00fcck im schattigen Teil des Parks. Als er dann mit dem 646 Seiten dicken W\u00e4lzer vor Aramburu stand und ihn fragte, ob der Roman irgendwann \u00fcbersetzt w\u00fcrde, antwortete der in flie\u00dfendem, akzentfreien Deutsch &#8220; im Herbst erscheint der Roman bei Rowohlt.&#8220;<\/p>\n<figure id=\"attachment_234\" aria-describedby=\"caption-attachment-234\" style=\"width: 472px\" class=\"wp-caption alignright\"><img loading=\"lazy\" decoding=\"async\" class=\" wp-image-234\" src=\"https:\/\/velezblanco.info\/wp-content\/uploads\/2017\/06\/20170603-arambu.jpg\" alt=\"\" width=\"472\" height=\"391\" srcset=\"https:\/\/velezblanco.info\/wp-content\/uploads\/2017\/06\/20170603-arambu.jpg 2822w, https:\/\/velezblanco.info\/wp-content\/uploads\/2017\/06\/20170603-arambu-300x248.jpg 300w, https:\/\/velezblanco.info\/wp-content\/uploads\/2017\/06\/20170603-arambu-768x636.jpg 768w, https:\/\/velezblanco.info\/wp-content\/uploads\/2017\/06\/20170603-arambu-1024x848.jpg 1024w, https:\/\/velezblanco.info\/wp-content\/uploads\/2017\/06\/20170603-arambu-600x497.jpg 600w\" sizes=\"auto, (max-width: 472px) 100vw, 472px\" \/><figcaption id=\"caption-attachment-234\" class=\"wp-caption-text\">Fernando Aramburu<\/figcaption><\/figure>\n<p>Eben lese ich im Klappentext , dass Aramburu seit 1985 in Deutschland lebt. In Hannover , mit seiner deutschen Ehefrau. Na denn &#8230;<\/p>\n<p>Meine Begegnung mit Rosa Montero konntet ihr ja schon in dem Artikel \u00fcber den Park insgesamt lesen.<\/p>\n<p>Die Buchmesse heute hat 367 Ausstellerb\u00fcdchen, uniforme St\u00e4nde mit stabilen, wei\u00dfen Kunststoffw\u00e4nden.&#8220;Casetas&#8220; ist der spanische Begriff daf\u00fcr. Mehrheitlich stellen Verlage aus, aber auch knapp 100 Buchh\u00e4ndler aus der Stadt. Der Buchmessenrabatt wird flexibel gehandhabt, offiziell betr\u00e4gt er 10 Prozent.<\/p>\n<p>Die Buchmesse hier hat mit der Frankfurter nicht allzuviel gemein. Klar, es geht um B\u00fccher. Aber zum einen richtet sich die Madrider ausschlie\u00dflich an den &#8222;Endverbraucher&#8220;. Lizenzverhandlungen o\u00e4 finden nicht hier statt. Und: Es gibt so gut wie keine Autorenlesungen. W\u00e4re bei dem L\u00e4rm hier auch kontraproduktiv .<\/p>\n<figure id=\"attachment_236\" aria-describedby=\"caption-attachment-236\" style=\"width: 428px\" class=\"wp-caption alignleft\"><img loading=\"lazy\" decoding=\"async\" class=\" wp-image-236\" src=\"https:\/\/velezblanco.info\/wp-content\/uploads\/2017\/06\/20170603-julianavarro.jpg\" alt=\"\" width=\"428\" height=\"285\" srcset=\"https:\/\/velezblanco.info\/wp-content\/uploads\/2017\/06\/20170603-julianavarro.jpg 4928w, https:\/\/velezblanco.info\/wp-content\/uploads\/2017\/06\/20170603-julianavarro-300x200.jpg 300w, https:\/\/velezblanco.info\/wp-content\/uploads\/2017\/06\/20170603-julianavarro-768x511.jpg 768w, https:\/\/velezblanco.info\/wp-content\/uploads\/2017\/06\/20170603-julianavarro-1024x682.jpg 1024w, https:\/\/velezblanco.info\/wp-content\/uploads\/2017\/06\/20170603-julianavarro-600x399.jpg 600w\" sizes=\"auto, (max-width: 428px) 100vw, 428px\" \/><figcaption id=\"caption-attachment-236\" class=\"wp-caption-text\">Junge Leser bei Julia Navarro<\/figcaption><\/figure>\n<p>Erstaunlich viele junge Leser sind unterwegs. F\u00fcr die Knirpse stehen vor den entsprechenden St\u00e4nden niedrige Plastikhocker, damit sie an die B\u00fccher rankommen,und selbst sie,die Knirpse, lassen sich ihre Bilderb\u00fccher signieren. Vermutlich steckt der sanfte Druck der Eltern dahinter.<\/p>\n<p>Erstaunlich: Jugendliche lesen noch Papierb\u00fccher. Die ganz langen Schlangen,von uniformiertem Sicherheitspersonal kontrolliert und mit Wartezeiten von einer Stunde und mehr, die haben wir bei Fantasy-Romanen, Biografien von jugendlichen Serienstars und Graphic Novels gesehen.<\/p>\n<figure id=\"attachment_237\" aria-describedby=\"caption-attachment-237\" style=\"width: 548px\" class=\"wp-caption aligncenter\"><img loading=\"lazy\" decoding=\"async\" class=\" wp-image-237\" src=\"https:\/\/velezblanco.info\/wp-content\/uploads\/2017\/06\/20170603-trumpenemigo.jpg\" alt=\"\" width=\"548\" height=\"365\" srcset=\"https:\/\/velezblanco.info\/wp-content\/uploads\/2017\/06\/20170603-trumpenemigo.jpg 4928w, https:\/\/velezblanco.info\/wp-content\/uploads\/2017\/06\/20170603-trumpenemigo-300x200.jpg 300w, https:\/\/velezblanco.info\/wp-content\/uploads\/2017\/06\/20170603-trumpenemigo-768x511.jpg 768w, https:\/\/velezblanco.info\/wp-content\/uploads\/2017\/06\/20170603-trumpenemigo-1024x682.jpg 1024w, https:\/\/velezblanco.info\/wp-content\/uploads\/2017\/06\/20170603-trumpenemigo-600x399.jpg 600w\" sizes=\"auto, (max-width: 548px) 100vw, 548px\" \/><figcaption id=\"caption-attachment-237\" class=\"wp-caption-text\">Individueller Protest<\/figcaption><\/figure>\n<p>Erstaunlich deshalb, weil so gut wie kein spanischer Jugendlicher, weiblich oder m\u00e4nnlich, ohne das Smartphone aus dem Haus geht. Sp\u00e4testens zur Ersten Kommunion, also mit 10, ist das Smartphone f\u00e4llig &#8211; las ich neulich in einem kulturpessimistischen Zeitungsartikel.<br \/>\nDas eine schlie\u00dft offensichtlich das andere nicht aus.<\/p>\n<p>Kurzes Video von der Feria del Libro<\/p>\n<p><iframe loading=\"lazy\" title=\"Feria del Libro\" width=\"500\" height=\"281\" src=\"https:\/\/www.youtube.com\/embed\/LyxDNC5guwo?feature=oembed\" frameborder=\"0\" allow=\"accelerometer; autoplay; clipboard-write; encrypted-media; gyroscope; picture-in-picture; web-share\" referrerpolicy=\"strict-origin-when-cross-origin\" allowfullscreen><\/iframe><\/p>\n","protected":false},"excerpt":{"rendered":"<div class=\"mh-excerpt\">Im Sommer 1976 kam ein junger Argentinier nach Madrid zur Buchmesse. Die erste Buchmesse nach dem Tod von Franco und viele der B\u00fccherst\u00e4nde im Retiro-Park waren damals noch mit Fascho-Symbolen beschmiert. Der <a class=\"mh-excerpt-more\" href=\"https:\/\/velezblanco.info\/?p=232\" title=\"Buchmesse im Park\">[ ]<\/a><\/div>\n","protected":false},"author":2,"featured_media":235,"comment_status":"open","ping_status":"open","sticky":false,"template":"","format":"standard","meta":{"ngg_post_thumbnail":0,"footnotes":""},"categories":[3],"tags":[],"class_list":{"0":"post-232","1":"post","2":"type-post","3":"status-publish","4":"format-standard","5":"has-post-thumbnail","7":"category-menschen"},"_links":{"self":[{"href":"https:\/\/velezblanco.info\/index.php?rest_route=\/wp\/v2\/posts\/232","targetHints":{"allow":["GET"]}}],"collection":[{"href":"https:\/\/velezblanco.info\/index.php?rest_route=\/wp\/v2\/posts"}],"about":[{"href":"https:\/\/velezblanco.info\/index.php?rest_route=\/wp\/v2\/types\/post"}],"author":[{"embeddable":true,"href":"https:\/\/velezblanco.info\/index.php?rest_route=\/wp\/v2\/users\/2"}],"replies":[{"embeddable":true,"href":"https:\/\/velezblanco.info\/index.php?rest_route=%2Fwp%2Fv2%2Fcomments&post=232"}],"version-history":[{"count":4,"href":"https:\/\/velezblanco.info\/index.php?rest_route=\/wp\/v2\/posts\/232\/revisions"}],"predecessor-version":[{"id":241,"href":"https:\/\/velezblanco.info\/index.php?rest_route=\/wp\/v2\/posts\/232\/revisions\/241"}],"wp:featuredmedia":[{"embeddable":true,"href":"https:\/\/velezblanco.info\/index.php?rest_route=\/wp\/v2\/media\/235"}],"wp:attachment":[{"href":"https:\/\/velezblanco.info\/index.php?rest_route=%2Fwp%2Fv2%2Fmedia&parent=232"}],"wp:term":[{"taxonomy":"category","embeddable":true,"href":"https:\/\/velezblanco.info\/index.php?rest_route=%2Fwp%2Fv2%2Fcategories&post=232"},{"taxonomy":"post_tag","embeddable":true,"href":"https:\/\/velezblanco.info\/index.php?rest_route=%2Fwp%2Fv2%2Ftags&post=232"}],"curies":[{"name":"wp","href":"https:\/\/api.w.org\/{rel}","templated":true}]}}